{"id":9803,"date":"2026-08-31T14:00:53","date_gmt":"2026-08-31T12:00:53","guid":{"rendered":"https:\/\/wavethru.eu\/couverture-mobile-interieur-exposition-ondes\/"},"modified":"2026-08-31T22:11:33","modified_gmt":"2026-08-31T20:11:33","slug":"couverture-mobile-interieur-exposition-ondes","status":"publish","type":"post","link":"https:\/\/wavethru.eu\/fr\/couverture-mobile-interieur-exposition-ondes\/","title":{"rendered":"Couverture mobile en int\u00e9rieur : et si le verre de vos b\u00e2timents \u00e9tait la cl\u00e9 d\u2019une connectivit\u00e9 optimale et d\u2019une exposition r\u00e9duite aux ondes ?"},"content":{"rendered":"\n<p class=\"wp-block-paragraph\">Les immeubles de bureaux et les b\u00e2timents modernes font face \u00e0 un paradoxe de taille. Ultra-performants sur le plan thermique gr\u00e2ce \u00e0 l&rsquo;utilisation de vitrages isolants \u00e0 couches (low-E), ils se comportent bien souvent comme de v\u00e9ritables \u00ab cages de Faraday \u00bb. R\u00e9sultat pour les gestionnaires immobiliers et les occupants : une couverture mobile en int\u00e9rieur fortement d\u00e9grad\u00e9e, des appels qui coupent, et des connexions data ralenties.<\/p>\n\n\n\n<p class=\"wp-block-paragraph\">Pour r\u00e9soudre ces probl\u00e8mes de signal, les solutions traditionnelles (installation de r\u00e9p\u00e9teurs ou de syst\u00e8mes DAS) s&rsquo;av\u00e8rent souvent lourdes, complexes et co\u00fbteuses. Mais que se passerait-il si la solution venait directement de l&rsquo;enveloppe du b\u00e2timent, et plus pr\u00e9cis\u00e9ment du vitrage ?<\/p>\n\n\n\n<p class=\"wp-block-paragraph\">C&rsquo;est toute la promesse de <strong>WAVETHRU<\/strong>, le verre innovant d\u00e9velopp\u00e9 par AGC pour r\u00e9tablir la transparence aux radiofr\u00e9quences. Une \u00e9tude scientifique ind\u00e9pendante men\u00e9e par <a href=\"https:\/\/www.imec.be\/\" data-type=\"link\" data-id=\"https:\/\/www.imec.be\/\" target=\"_blank\" rel=\"noopener noreferrer nofollow\">l&rsquo;<strong>IMEC<\/strong><\/a> et l&rsquo;<strong>Universit\u00e9 de Gand<\/strong> (<a href=\"https:\/\/biblio.ugent.be\/publication\/8694189\" data-type=\"link\" data-id=\"https:\/\/biblio.ugent.be\/publication\/8694189\" target=\"_blank\" rel=\"noopener noreferrer nofollow\">UGent<\/a>) apporte aujourd&rsquo;hui un \u00e9clairage chiffr\u00e9 in\u00e9dit sur ses b\u00e9n\u00e9fices, \u00e0 la fois pour la qualit\u00e9 de la connectivit\u00e9 et pour la sant\u00e9 des occupants via une r\u00e9duction drastique de l&rsquo;exposition aux ondes.<\/p>\n\n\n\n<h3 class=\"wp-block-heading\"><strong>Le d\u00e9fi des vitrages modernes face aux ondes (RF-EMF)<\/strong><\/h3>\n\n\n\n<p class=\"wp-block-paragraph\">Les vitrages \u00e0 isolation thermique renforc\u00e9e int\u00e8grent des couches m\u00e9talliques invisibles destin\u00e9es \u00e0 bloquer les rayonnements thermiques. Malheureusement, ces m\u00eames couches bloquent \u00e9galement les champs \u00e9lectromagn\u00e9tiques radiofr\u00e9quences (RF-EMF) utilis\u00e9s par les r\u00e9seaux de t\u00e9l\u00e9phonie mobile (2G, 4G, et par extension 5G).<\/p>\n\n\n\n<p class=\"wp-block-paragraph\">Face \u00e0 ce signal cellulaire fortement affaibli \u00e0 l&rsquo;int\u00e9rieur des pi\u00e8ces, le smartphone d&rsquo;un occupant est contraint d&rsquo;\u00e9mettre \u00e0 pleine puissance pour r\u00e9ussir \u00e0 communiquer avec l&rsquo;antenne-relais ext\u00e9rieure la plus proche.<\/p>\n\n\n\n<h3 class=\"wp-block-heading\"><strong>Que d\u00e9montre l&rsquo;\u00e9tude scientifique IMEC &amp; UGent ?<\/strong> <\/h3>\n\n\n\n<p class=\"wp-block-paragraph\">Pour mesurer l&rsquo;impact r\u00e9el d&rsquo;un vitrage transparent aux ondes sur l&rsquo;exposition globale des utilisateurs, l&rsquo;IMEC et l&rsquo;Universit\u00e9 de Gand ont r\u00e9alis\u00e9 des mesures in situ rigoureuses dans un immeuble de bureaux \u00e0 Gosselies (Belgique), comparant des espaces \u00e9quip\u00e9s de verres low-E traditionnels et d&rsquo;autres \u00e9quip\u00e9s de verres WAVETHRU.<\/p>\n\n\n\n<p class=\"wp-block-paragraph\">L&rsquo;\u00e9tude ne s&rsquo;est pas limit\u00e9e \u00e0 mesurer la puissance de r\u00e9ception de l&rsquo;antenne (downlink). Elle a \u00e9valu\u00e9 la dose totale absorb\u00e9e (exprim\u00e9e en mJ\/kg) en combinant math\u00e9matiquement le downlink (provenant de la station de base) et l&rsquo;uplink (la puissance d&rsquo;\u00e9mission g\u00e9n\u00e9r\u00e9e par le t\u00e9l\u00e9phone portable de l&rsquo;utilisateur).<\/p>\n\n\n\n<h3 class=\"wp-block-heading\"><strong>Les 3 chiffres cl\u00e9s \u00e0 retenir pour les d\u00e9cideurs<\/strong><\/h3>\n\n\n<div class=\"wp-block-image\">\n<figure class=\"alignright size-medium\"><img fetchpriority=\"high\" decoding=\"async\" width=\"300\" height=\"300\" src=\"https:\/\/wavethru.eu\/wp-content\/uploads\/2026\/08\/infographie-IMEC-UGent-study_ENG-300x300.png\" alt=\"\" class=\"wp-image-9779\" srcset=\"https:\/\/wavethru.eu\/wp-content\/uploads\/2026\/08\/infographie-IMEC-UGent-study_ENG-300x300.png 300w, https:\/\/wavethru.eu\/wp-content\/uploads\/2026\/08\/infographie-IMEC-UGent-study_ENG-150x150.png 150w, https:\/\/wavethru.eu\/wp-content\/uploads\/2026\/08\/infographie-IMEC-UGent-study_ENG-768x768.png 768w, https:\/\/wavethru.eu\/wp-content\/uploads\/2026\/08\/infographie-IMEC-UGent-study_ENG-650x650.png 650w, https:\/\/wavethru.eu\/wp-content\/uploads\/2026\/08\/infographie-IMEC-UGent-study_ENG-1024x1024.png 1024w, https:\/\/wavethru.eu\/wp-content\/uploads\/2026\/08\/infographie-IMEC-UGent-study_ENG.png 1200w\" sizes=\"(max-width: 300px) 100vw, 300px\" \/><\/figure>\n<\/div>\n\n\n<p class=\"wp-block-paragraph\"><strong><strong>1. Une r\u00e9duction de 76 % de l&rsquo;exposition globale (dose absorb\u00e9e)<\/strong><\/strong> : En moyenne, sur l&rsquo;ensemble des profils d&rsquo;utilisateurs test\u00e9s, l&rsquo;utilisation du verre WAVETHRU r\u00e9duit la dose totale d&rsquo;\u00e9nergie \u00e9lectromagn\u00e9tique absorb\u00e9e par le corps de 76 %.<\/p>\n\n\n\n<p class=\"wp-block-paragraph\">2. <strong>Un t\u00e9l\u00e9phone qui \u00e9met 4 fois moins d&rsquo;ondes<\/strong> : Parce que le signal entre beaucoup plus facilement dans le b\u00e2timent (puissance re\u00e7ue de la station de base multipl\u00e9e par 12 \u00e0 18 selon les zones), le mobile n&rsquo;a plus besoin de \u00ab\u00a0forcer\u00a0\u00bb. La puissance de transmission du terminal est r\u00e9duite de 36 % \u00e0 75 %.<\/p>\n\n\n\n<p class=\"wp-block-paragraph\"><strong>3. Une nette am\u00e9lioration du signal et des d\u00e9bits internet<\/strong> : L&rsquo;\u00e9tude d\u00e9montre \u00e9galement des performances de r\u00e9seau accrues en int\u00e9rieur : le d\u00e9bit de donn\u00e9es (throughput) \u00e9tait en moyenne 4 fois plus \u00e9lev\u00e9 dans les bureaux \u00e9quip\u00e9s de WAVETHRU.<\/p>\n\n\n\n<p class=\"wp-block-paragraph\"><\/p>\n\n\n\n<h3 class=\"wp-block-heading\">Un atout strat\u00e9gique pour les architectes, promoteurs et asset managers<\/h3>\n\n\n\n<p class=\"wp-block-paragraph\">Pour un ma\u00eetre d&rsquo;ouvrage, un promoteur immobilier ou un gestionnaire de parc, int\u00e9grer des solutions comme WAVETHRU r\u00e9pond \u00e0 des enjeux majeurs :<\/p>\n\n\n\n<ul class=\"wp-block-list\">\n<li><strong>Valorisation immobili\u00e8re :<\/strong> Offrir une excellente r\u00e9ception 4G et 5G dans les bureaux d\u00e8s la conception, un crit\u00e8re de plus en plus exig\u00e9 par les entreprises locataires.<\/li>\n\n\n\n<li><strong>D\u00e9marche RSE &amp; Bien-\u00eatre <\/strong>: R\u00e9pondre aux pr\u00e9occupations croissantes concernant la sant\u00e9 au travail et la r\u00e9duction de l&rsquo;exposition aux ondes \u00e9lectromagn\u00e9tiques en int\u00e9rieur (principe de pr\u00e9caution).<\/li>\n\n\n\n<li><strong>Sobri\u00e9t\u00e9 technique<\/strong> : \u00c9viter ou r\u00e9duire le recours \u00e0 des infrastructures lourdes d&rsquo;amplification de signal int\u00e9rieur.<\/li>\n<\/ul>\n\n\n\n<p class=\"wp-block-paragraph\"><strong>En savoir plus et t\u00e9l\u00e9charger l&rsquo;\u00e9tude<\/strong>. Vous souhaitez analyser en d\u00e9tail la m\u00e9thodologie, les \u00e9quipements de mesure utilis\u00e9s ainsi que les diff\u00e9rents profils d&rsquo;utilisateurs pass\u00e9s au crible ?<\/p>\n\n\n\n<div class=\"wp-block-buttons is-content-justification-center is-layout-flex wp-container-core-buttons-is-layout-fe48e5de wp-block-buttons-is-layout-flex\">\n<div class=\"wp-block-button\"><a class=\"wp-block-button__link wp-element-button\" href=\"https:\/\/wavethru.eu\/wp-content\/uploads\/2026\/08\/AGC-UGENT-IMEC-white-paper-Nov-2020-final-version-AGCWEBSITE-1.pdf\" target=\"_blank\" rel=\"noopener\">T\u00e9l\u00e9chargez le whitepaper officiel complet (PDF)<\/a><\/div>\n<\/div>\n\n\n\n<p class=\"wp-block-paragraph\"><\/p>\n","protected":false},"excerpt":{"rendered":"<p>Les immeubles de bureaux et les b\u00e2timents modernes font face \u00e0 un paradoxe de taille. Ultra-performants sur le plan thermique gr\u00e2ce \u00e0 l&rsquo;utilisation de vitrages isolants \u00e0 couches (low-E), ils se comportent bien souvent comme de v\u00e9ritables \u00ab cages de Faraday \u00bb. R\u00e9sultat pour les gestionnaires immobiliers et les occupants : une couverture mobile en [&hellip;]<\/p>\n","protected":false},"author":4,"featured_media":9785,"comment_status":"closed","ping_status":"closed","sticky":false,"template":"","format":"standard","meta":{"_acf_changed":false,"footnotes":""},"categories":[93],"tags":[],"class_list":["post-9803","post","type-post","status-publish","format-standard","has-post-thumbnail","hentry","category-article"],"acf":[],"yoast_head":"<title>Couverture mobile int\u00e9rieure : l&#039;impact des vitrages sur les ondes<\/title>\n<meta name=\"description\" content=\"Comment le vitrage RF-transparent am\u00e9liore la couverture mobile en int\u00e9rieur tout en r\u00e9duisant l&#039;exposition aux ondes de 76 % ?(\u00c9tude UGent).\" \/>\n<meta name=\"robots\" content=\"index, follow, max-snippet:-1, max-image-preview:large, max-video-preview:-1\" \/>\n<link rel=\"canonical\" href=\"https:\/\/wavethru.eu\/fr\/couverture-mobile-interieur-exposition-ondes\/\" \/>\n<meta property=\"og:locale\" content=\"fr_FR\" \/>\n<meta property=\"og:type\" content=\"article\" \/>\n<meta property=\"og:title\" content=\"Couverture mobile int\u00e9rieure : l&#039;impact des vitrages sur les ondes\" \/>\n<meta property=\"og:description\" content=\"Comment le vitrage RF-transparent am\u00e9liore la couverture mobile en int\u00e9rieur tout en r\u00e9duisant l&#039;exposition aux ondes de 76 % ?(\u00c9tude UGent).\" \/>\n<meta property=\"og:url\" content=\"https:\/\/wavethru.eu\/fr\/couverture-mobile-interieur-exposition-ondes\/\" \/>\n<meta property=\"og:site_name\" content=\"WAVETHRU\" \/>\n<meta property=\"article:publisher\" content=\"http:\/\/www.facebook.com\/AGCGlassEurope\" \/>\n<meta property=\"article:published_time\" content=\"2026-08-31T12:00:53+00:00\" \/>\n<meta property=\"article:modified_time\" content=\"2026-08-31T20:11:33+00:00\" \/>\n<meta property=\"og:image\" content=\"https:\/\/wavethru.eu\/wp-content\/uploads\/2026\/08\/Woman-at-her-office-with-smartphone.png\" \/>\n\t<meta property=\"og:image:width\" content=\"1376\" \/>\n\t<meta property=\"og:image:height\" content=\"768\" \/>\n\t<meta property=\"og:image:type\" content=\"image\/png\" \/>\n<meta name=\"author\" content=\"Adeline Wehrli\" \/>\n<meta name=\"twitter:card\" content=\"summary_large_image\" \/>\n<meta name=\"twitter:creator\" content=\"@AGCGlassEurope\" \/>\n<meta name=\"twitter:site\" content=\"@AGCGlassEurope\" \/>\n<meta name=\"twitter:label1\" content=\"\u00c9crit par\" \/>\n\t<meta name=\"twitter:data1\" content=\"Adeline Wehrli\" \/>\n\t<meta name=\"twitter:label2\" content=\"Dur\u00e9e de lecture estim\u00e9e\" \/>\n\t<meta name=\"twitter:data2\" content=\"4 minutes\" \/>\n<script type=\"application\/ld+json\" class=\"yoast-schema-graph\">{\"@context\":\"https:\\\/\\\/schema.org\",\"@graph\":[{\"@type\":\"Article\",\"@id\":\"https:\\\/\\\/wavethru.eu\\\/fr\\\/couverture-mobile-interieur-exposition-ondes\\\/#article\",\"isPartOf\":{\"@id\":\"https:\\\/\\\/wavethru.eu\\\/fr\\\/couverture-mobile-interieur-exposition-ondes\\\/\"},\"author\":{\"name\":\"Adeline Wehrli\",\"@id\":\"https:\\\/\\\/wavethru.eu\\\/fr\\\/#\\\/schema\\\/person\\\/1f238283a66b9463193be98520bdb85b\"},\"headline\":\"Couverture mobile en int\u00e9rieur : et si le verre de vos b\u00e2timents \u00e9tait la cl\u00e9 d\u2019une connectivit\u00e9 optimale et d\u2019une exposition r\u00e9duite aux ondes ?\",\"datePublished\":\"2026-08-31T12:00:53+00:00\",\"dateModified\":\"2026-08-31T20:11:33+00:00\",\"mainEntityOfPage\":{\"@id\":\"https:\\\/\\\/wavethru.eu\\\/fr\\\/couverture-mobile-interieur-exposition-ondes\\\/\"},\"wordCount\":761,\"publisher\":{\"@id\":\"https:\\\/\\\/wavethru.eu\\\/fr\\\/#organization\"},\"image\":{\"@id\":\"https:\\\/\\\/wavethru.eu\\\/fr\\\/couverture-mobile-interieur-exposition-ondes\\\/#primaryimage\"},\"thumbnailUrl\":\"https:\\\/\\\/wavethru.eu\\\/wp-content\\\/uploads\\\/2026\\\/08\\\/Woman-at-her-office-with-smartphone.png\",\"articleSection\":[\"Article\"],\"inLanguage\":\"fr-FR\"},{\"@type\":\"WebPage\",\"@id\":\"https:\\\/\\\/wavethru.eu\\\/fr\\\/couverture-mobile-interieur-exposition-ondes\\\/\",\"url\":\"https:\\\/\\\/wavethru.eu\\\/fr\\\/couverture-mobile-interieur-exposition-ondes\\\/\",\"name\":\"Couverture mobile int\u00e9rieure : l'impact des vitrages sur les ondes\",\"isPartOf\":{\"@id\":\"https:\\\/\\\/wavethru.eu\\\/fr\\\/#website\"},\"primaryImageOfPage\":{\"@id\":\"https:\\\/\\\/wavethru.eu\\\/fr\\\/couverture-mobile-interieur-exposition-ondes\\\/#primaryimage\"},\"image\":{\"@id\":\"https:\\\/\\\/wavethru.eu\\\/fr\\\/couverture-mobile-interieur-exposition-ondes\\\/#primaryimage\"},\"thumbnailUrl\":\"https:\\\/\\\/wavethru.eu\\\/wp-content\\\/uploads\\\/2026\\\/08\\\/Woman-at-her-office-with-smartphone.png\",\"datePublished\":\"2026-08-31T12:00:53+00:00\",\"dateModified\":\"2026-08-31T20:11:33+00:00\",\"description\":\"Comment le vitrage RF-transparent am\u00e9liore la couverture mobile en int\u00e9rieur tout en r\u00e9duisant l'exposition aux ondes de 76 % ?(\u00c9tude UGent).\",\"breadcrumb\":{\"@id\":\"https:\\\/\\\/wavethru.eu\\\/fr\\\/couverture-mobile-interieur-exposition-ondes\\\/#breadcrumb\"},\"inLanguage\":\"fr-FR\",\"potentialAction\":[{\"@type\":\"ReadAction\",\"target\":[\"https:\\\/\\\/wavethru.eu\\\/fr\\\/couverture-mobile-interieur-exposition-ondes\\\/\"]}]},{\"@type\":\"ImageObject\",\"inLanguage\":\"fr-FR\",\"@id\":\"https:\\\/\\\/wavethru.eu\\\/fr\\\/couverture-mobile-interieur-exposition-ondes\\\/#primaryimage\",\"url\":\"https:\\\/\\\/wavethru.eu\\\/wp-content\\\/uploads\\\/2026\\\/08\\\/Woman-at-her-office-with-smartphone.png\",\"contentUrl\":\"https:\\\/\\\/wavethru.eu\\\/wp-content\\\/uploads\\\/2026\\\/08\\\/Woman-at-her-office-with-smartphone.png\",\"width\":1376,\"height\":768,\"caption\":\"Woman at her office with smartphone\"},{\"@type\":\"BreadcrumbList\",\"@id\":\"https:\\\/\\\/wavethru.eu\\\/fr\\\/couverture-mobile-interieur-exposition-ondes\\\/#breadcrumb\",\"itemListElement\":[{\"@type\":\"ListItem\",\"position\":1,\"name\":\"Home\",\"item\":\"https:\\\/\\\/wavethru.eu\\\/fr\\\/accueil\\\/\"},{\"@type\":\"ListItem\",\"position\":2,\"name\":\"Couverture mobile en int\u00e9rieur : et si le verre de vos b\u00e2timents \u00e9tait la cl\u00e9 d\u2019une connectivit\u00e9 optimale et d\u2019une exposition r\u00e9duite aux ondes ?\"}]},{\"@type\":\"WebSite\",\"@id\":\"https:\\\/\\\/wavethru.eu\\\/fr\\\/#website\",\"url\":\"https:\\\/\\\/wavethru.eu\\\/fr\\\/\",\"name\":\"WAVETHRU\",\"description\":\"Le Vitrage qui laisse passer le Signal Mobile\",\"publisher\":{\"@id\":\"https:\\\/\\\/wavethru.eu\\\/fr\\\/#organization\"},\"potentialAction\":[{\"@type\":\"SearchAction\",\"target\":{\"@type\":\"EntryPoint\",\"urlTemplate\":\"https:\\\/\\\/wavethru.eu\\\/fr\\\/?s={search_term_string}\"},\"query-input\":{\"@type\":\"PropertyValueSpecification\",\"valueRequired\":true,\"valueName\":\"search_term_string\"}}],\"inLanguage\":\"fr-FR\"},{\"@type\":\"Organization\",\"@id\":\"https:\\\/\\\/wavethru.eu\\\/fr\\\/#organization\",\"name\":\"WAVETHRU\",\"url\":\"https:\\\/\\\/wavethru.eu\\\/fr\\\/\",\"logo\":{\"@type\":\"ImageObject\",\"inLanguage\":\"fr-FR\",\"@id\":\"https:\\\/\\\/wavethru.eu\\\/fr\\\/#\\\/schema\\\/logo\\\/image\\\/\",\"url\":\"https:\\\/\\\/wavethru.eu\\\/wp-content\\\/uploads\\\/2025\\\/05\\\/wavethru_logo.svg\",\"contentUrl\":\"https:\\\/\\\/wavethru.eu\\\/wp-content\\\/uploads\\\/2025\\\/05\\\/wavethru_logo.svg\",\"caption\":\"WAVETHRU\"},\"image\":{\"@id\":\"https:\\\/\\\/wavethru.eu\\\/fr\\\/#\\\/schema\\\/logo\\\/image\\\/\"},\"sameAs\":[\"http:\\\/\\\/www.facebook.com\\\/AGCGlassEurope\",\"https:\\\/\\\/x.com\\\/AGCGlassEurope\",\"https:\\\/\\\/www.linkedin.com\\\/company\\\/agc\",\"http:\\\/\\\/www.youtube.com\\\/yourglass\",\"https:\\\/\\\/instagram.com\\\/agcglasseurope\"]},{\"@type\":\"Person\",\"@id\":\"https:\\\/\\\/wavethru.eu\\\/fr\\\/#\\\/schema\\\/person\\\/1f238283a66b9463193be98520bdb85b\",\"name\":\"Adeline Wehrli\",\"url\":\"https:\\\/\\\/wavethru.eu\\\/fr\\\/author\\\/24e9e123a9929310\\\/\"}]}<\/script>","yoast_head_json":{"title":"Couverture mobile int\u00e9rieure : l'impact des vitrages sur les ondes","description":"Comment le vitrage RF-transparent am\u00e9liore la couverture mobile en int\u00e9rieur tout en r\u00e9duisant l'exposition aux ondes de 76 % ?(\u00c9tude UGent).","robots":{"index":"index","follow":"follow","max-snippet":"max-snippet:-1","max-image-preview":"max-image-preview:large","max-video-preview":"max-video-preview:-1"},"canonical":"https:\/\/wavethru.eu\/fr\/couverture-mobile-interieur-exposition-ondes\/","og_locale":"fr_FR","og_type":"article","og_title":"Couverture mobile int\u00e9rieure : l'impact des vitrages sur les ondes","og_description":"Comment le vitrage RF-transparent am\u00e9liore la couverture mobile en int\u00e9rieur tout en r\u00e9duisant l'exposition aux ondes de 76 % ?(\u00c9tude UGent).","og_url":"https:\/\/wavethru.eu\/fr\/couverture-mobile-interieur-exposition-ondes\/","og_site_name":"WAVETHRU","article_publisher":"http:\/\/www.facebook.com\/AGCGlassEurope","article_published_time":"2026-08-31T12:00:53+00:00","article_modified_time":"2026-08-31T20:11:33+00:00","og_image":[{"width":1376,"height":768,"url":"https:\/\/wavethru.eu\/wp-content\/uploads\/2026\/08\/Woman-at-her-office-with-smartphone.png","type":"image\/png"}],"author":"Adeline Wehrli","twitter_card":"summary_large_image","twitter_creator":"@AGCGlassEurope","twitter_site":"@AGCGlassEurope","twitter_misc":{"\u00c9crit par":"Adeline Wehrli","Dur\u00e9e de lecture estim\u00e9e":"4 minutes"},"schema":{"@context":"https:\/\/schema.org","@graph":[{"@type":"Article","@id":"https:\/\/wavethru.eu\/fr\/couverture-mobile-interieur-exposition-ondes\/#article","isPartOf":{"@id":"https:\/\/wavethru.eu\/fr\/couverture-mobile-interieur-exposition-ondes\/"},"author":{"name":"Adeline Wehrli","@id":"https:\/\/wavethru.eu\/fr\/#\/schema\/person\/1f238283a66b9463193be98520bdb85b"},"headline":"Couverture mobile en int\u00e9rieur : et si le verre de vos b\u00e2timents \u00e9tait la cl\u00e9 d\u2019une connectivit\u00e9 optimale et d\u2019une exposition r\u00e9duite aux ondes ?","datePublished":"2026-08-31T12:00:53+00:00","dateModified":"2026-08-31T20:11:33+00:00","mainEntityOfPage":{"@id":"https:\/\/wavethru.eu\/fr\/couverture-mobile-interieur-exposition-ondes\/"},"wordCount":761,"publisher":{"@id":"https:\/\/wavethru.eu\/fr\/#organization"},"image":{"@id":"https:\/\/wavethru.eu\/fr\/couverture-mobile-interieur-exposition-ondes\/#primaryimage"},"thumbnailUrl":"https:\/\/wavethru.eu\/wp-content\/uploads\/2026\/08\/Woman-at-her-office-with-smartphone.png","articleSection":["Article"],"inLanguage":"fr-FR"},{"@type":"WebPage","@id":"https:\/\/wavethru.eu\/fr\/couverture-mobile-interieur-exposition-ondes\/","url":"https:\/\/wavethru.eu\/fr\/couverture-mobile-interieur-exposition-ondes\/","name":"Couverture mobile int\u00e9rieure : l'impact des vitrages sur les ondes","isPartOf":{"@id":"https:\/\/wavethru.eu\/fr\/#website"},"primaryImageOfPage":{"@id":"https:\/\/wavethru.eu\/fr\/couverture-mobile-interieur-exposition-ondes\/#primaryimage"},"image":{"@id":"https:\/\/wavethru.eu\/fr\/couverture-mobile-interieur-exposition-ondes\/#primaryimage"},"thumbnailUrl":"https:\/\/wavethru.eu\/wp-content\/uploads\/2026\/08\/Woman-at-her-office-with-smartphone.png","datePublished":"2026-08-31T12:00:53+00:00","dateModified":"2026-08-31T20:11:33+00:00","description":"Comment le vitrage RF-transparent am\u00e9liore la couverture mobile en int\u00e9rieur tout en r\u00e9duisant l'exposition aux ondes de 76 % ?(\u00c9tude UGent).","breadcrumb":{"@id":"https:\/\/wavethru.eu\/fr\/couverture-mobile-interieur-exposition-ondes\/#breadcrumb"},"inLanguage":"fr-FR","potentialAction":[{"@type":"ReadAction","target":["https:\/\/wavethru.eu\/fr\/couverture-mobile-interieur-exposition-ondes\/"]}]},{"@type":"ImageObject","inLanguage":"fr-FR","@id":"https:\/\/wavethru.eu\/fr\/couverture-mobile-interieur-exposition-ondes\/#primaryimage","url":"https:\/\/wavethru.eu\/wp-content\/uploads\/2026\/08\/Woman-at-her-office-with-smartphone.png","contentUrl":"https:\/\/wavethru.eu\/wp-content\/uploads\/2026\/08\/Woman-at-her-office-with-smartphone.png","width":1376,"height":768,"caption":"Woman at her office with smartphone"},{"@type":"BreadcrumbList","@id":"https:\/\/wavethru.eu\/fr\/couverture-mobile-interieur-exposition-ondes\/#breadcrumb","itemListElement":[{"@type":"ListItem","position":1,"name":"Home","item":"https:\/\/wavethru.eu\/fr\/accueil\/"},{"@type":"ListItem","position":2,"name":"Couverture mobile en int\u00e9rieur : et si le verre de vos b\u00e2timents \u00e9tait la cl\u00e9 d\u2019une connectivit\u00e9 optimale et d\u2019une exposition r\u00e9duite aux ondes ?"}]},{"@type":"WebSite","@id":"https:\/\/wavethru.eu\/fr\/#website","url":"https:\/\/wavethru.eu\/fr\/","name":"WAVETHRU","description":"Le Vitrage qui laisse passer le Signal Mobile","publisher":{"@id":"https:\/\/wavethru.eu\/fr\/#organization"},"potentialAction":[{"@type":"SearchAction","target":{"@type":"EntryPoint","urlTemplate":"https:\/\/wavethru.eu\/fr\/?s={search_term_string}"},"query-input":{"@type":"PropertyValueSpecification","valueRequired":true,"valueName":"search_term_string"}}],"inLanguage":"fr-FR"},{"@type":"Organization","@id":"https:\/\/wavethru.eu\/fr\/#organization","name":"WAVETHRU","url":"https:\/\/wavethru.eu\/fr\/","logo":{"@type":"ImageObject","inLanguage":"fr-FR","@id":"https:\/\/wavethru.eu\/fr\/#\/schema\/logo\/image\/","url":"https:\/\/wavethru.eu\/wp-content\/uploads\/2025\/05\/wavethru_logo.svg","contentUrl":"https:\/\/wavethru.eu\/wp-content\/uploads\/2025\/05\/wavethru_logo.svg","caption":"WAVETHRU"},"image":{"@id":"https:\/\/wavethru.eu\/fr\/#\/schema\/logo\/image\/"},"sameAs":["http:\/\/www.facebook.com\/AGCGlassEurope","https:\/\/x.com\/AGCGlassEurope","https:\/\/www.linkedin.com\/company\/agc","http:\/\/www.youtube.com\/yourglass","https:\/\/instagram.com\/agcglasseurope"]},{"@type":"Person","@id":"https:\/\/wavethru.eu\/fr\/#\/schema\/person\/1f238283a66b9463193be98520bdb85b","name":"Adeline Wehrli","url":"https:\/\/wavethru.eu\/fr\/author\/24e9e123a9929310\/"}]}},"_links":{"self":[{"href":"https:\/\/wavethru.eu\/fr\/wp-json\/wp\/v2\/posts\/9803","targetHints":{"allow":["GET"]}}],"collection":[{"href":"https:\/\/wavethru.eu\/fr\/wp-json\/wp\/v2\/posts"}],"about":[{"href":"https:\/\/wavethru.eu\/fr\/wp-json\/wp\/v2\/types\/post"}],"author":[{"embeddable":true,"href":"https:\/\/wavethru.eu\/fr\/wp-json\/wp\/v2\/users\/4"}],"replies":[{"embeddable":true,"href":"https:\/\/wavethru.eu\/fr\/wp-json\/wp\/v2\/comments?post=9803"}],"version-history":[{"count":6,"href":"https:\/\/wavethru.eu\/fr\/wp-json\/wp\/v2\/posts\/9803\/revisions"}],"predecessor-version":[{"id":9831,"href":"https:\/\/wavethru.eu\/fr\/wp-json\/wp\/v2\/posts\/9803\/revisions\/9831"}],"wp:featuredmedia":[{"embeddable":true,"href":"https:\/\/wavethru.eu\/fr\/wp-json\/wp\/v2\/media\/9785"}],"wp:attachment":[{"href":"https:\/\/wavethru.eu\/fr\/wp-json\/wp\/v2\/media?parent=9803"}],"wp:term":[{"taxonomy":"category","embeddable":true,"href":"https:\/\/wavethru.eu\/fr\/wp-json\/wp\/v2\/categories?post=9803"},{"taxonomy":"post_tag","embeddable":true,"href":"https:\/\/wavethru.eu\/fr\/wp-json\/wp\/v2\/tags?post=9803"}],"curies":[{"name":"wp","href":"https:\/\/api.w.org\/{rel}","templated":true}]}}